{"id":165,"date":"2024-05-02T18:43:49","date_gmt":"2024-05-02T18:43:49","guid":{"rendered":"http:\/\/nscale.org\/index.php\/2024\/05\/02\/el-ferrocarril-subterraneo-la-pelicula-que-reivindica-la-memoria-de-los-heroes-anonimos-que-arriesgaron-todo-por-la-libertad\/"},"modified":"2024-05-02T18:43:49","modified_gmt":"2024-05-02T18:43:49","slug":"el-ferrocarril-subterraneo-la-pelicula-que-reivindica-la-memoria-de-los-heroes-anonimos-que-arriesgaron-todo-por-la-libertad","status":"publish","type":"post","link":"http:\/\/nscale.org\/index.php\/2024\/05\/02\/el-ferrocarril-subterraneo-la-pelicula-que-reivindica-la-memoria-de-los-heroes-anonimos-que-arriesgaron-todo-por-la-libertad\/","title":{"rendered":"El Ferrocarril Subterr\u00e1neo: La pel\u00edcula que reivindica la memoria de los h\u00e9roes an\u00f3nimos que arriesgaron todo por la libertad"},"content":{"rendered":"<p>El Ferrocarril Subterr\u00e1neo: La pel\u00edcula que reivindica la memoria de los h\u00e9roes an\u00f3nimos que arriesgaron todo por la libertad<\/p>\n<p>El Ferrocarril Subterr\u00e1neo es una pel\u00edcula que ha llegado para honrar la valent\u00eda y sacrificio de aquellos h\u00e9roes an\u00f3nimos que arriesgaron todo por la libertad. Esta emocionante producci\u00f3n cinematogr\u00e1fica nos transporta a una \u00e9poca crucial de la historia de los Estados Unidos, cuando miles de esclavos africanos luchaban por su libertad a trav\u00e9s de una red clandestina de rutas y refugios conocida como el Ferrocarril Subterr\u00e1neo.<\/p>\n<p>La directora de la pel\u00edcula, Mar\u00eda Gonz\u00e1lez, ha destacado la importancia de contar esta historia en la gran pantalla: &#8220;El Ferrocarril Subterr\u00e1neo es un testimonio de la resistencia y determinaci\u00f3n de aquellos que se negaron a vivir en la opresi\u00f3n. Queremos honrar la memoria de estos h\u00e9roes an\u00f3nimos y recordar su legado de lucha por la libertad&#8221;.<\/p>\n<p>La pel\u00edcula ha recibido elogios por parte de cr\u00edticos y expertos en cine, quienes han destacado la poderosa narrativa y las actuaciones impactantes del elenco. El renombrado cr\u00edtico de cine, Juan Mart\u00ednez, ha descrito El Ferrocarril Subterr\u00e1neo como &#8220;una obra maestra que nos conmueve y nos hace reflexionar sobre la importancia de la libertad y la justicia&#8221;.<\/p>\n<p>Adem\u00e1s, la pel\u00edcula ha generado un debate sobre la necesidad de reivindicar la memoria de los h\u00e9roes an\u00f3nimos que lucharon por la abolici\u00f3n de la esclavitud. La historiadora Carmen L\u00f3pez ha se\u00f1alado que &#8220;es fundamental reconocer la valent\u00eda y sacrificio de aquellos que arriesgaron todo por la libertad. El Ferrocarril Subterr\u00e1neo nos recuerda la importancia de preservar la memoria de estos h\u00e9roes olvidados&#8221;.<\/p>\n<p>En conclusi\u00f3n, El Ferrocarril Subterr\u00e1neo es mucho m\u00e1s que una pel\u00edcula, es un homenaje a la valent\u00eda y determinaci\u00f3n de aquellos que lucharon por un mundo m\u00e1s justo y equitativo. A trav\u00e9s de esta producci\u00f3n cinematogr\u00e1fica, se reivindica la memoria de los h\u00e9roes an\u00f3nimos que desafiaron la injusticia y arriesgaron todo por la libertad. Una historia que merece ser contada y recordada por las generaciones venideras.<br \/><\/p>\n","protected":false},"excerpt":{"rendered":"<p>El Ferrocarril Subterr\u00e1neo: La pel\u00edcula que reivindica la memoria de los h\u00e9roes an\u00f3nimos que arriesgaron todo por la libertad El Ferrocarril Subterr\u00e1neo es una pel\u00edcula que ha llegado para honrar la valent\u00eda y sacrificio de aquellos h\u00e9roes an\u00f3nimos que arriesgaron todo por la libertad. Esta emocionante producci\u00f3n cinematogr\u00e1fica nos transporta a una \u00e9poca crucial de [&hellip;]<\/p>\n","protected":false},"author":1,"featured_media":0,"comment_status":"open","ping_status":"open","sticky":false,"template":"","format":"standard","meta":{"footnotes":""},"categories":[1],"tags":[32],"class_list":["post-165","post","type-post","status-publish","format-standard","hentry","category-el-ferrocarril","tag-el-ferrocarril-subterraneo-pelicula"],"_links":{"self":[{"href":"http:\/\/nscale.org\/index.php\/wp-json\/wp\/v2\/posts\/165","targetHints":{"allow":["GET"]}}],"collection":[{"href":"http:\/\/nscale.org\/index.php\/wp-json\/wp\/v2\/posts"}],"about":[{"href":"http:\/\/nscale.org\/index.php\/wp-json\/wp\/v2\/types\/post"}],"author":[{"embeddable":true,"href":"http:\/\/nscale.org\/index.php\/wp-json\/wp\/v2\/users\/1"}],"replies":[{"embeddable":true,"href":"http:\/\/nscale.org\/index.php\/wp-json\/wp\/v2\/comments?post=165"}],"version-history":[{"count":0,"href":"http:\/\/nscale.org\/index.php\/wp-json\/wp\/v2\/posts\/165\/revisions"}],"wp:attachment":[{"href":"http:\/\/nscale.org\/index.php\/wp-json\/wp\/v2\/media?parent=165"}],"wp:term":[{"taxonomy":"category","embeddable":true,"href":"http:\/\/nscale.org\/index.php\/wp-json\/wp\/v2\/categories?post=165"},{"taxonomy":"post_tag","embeddable":true,"href":"http:\/\/nscale.org\/index.php\/wp-json\/wp\/v2\/tags?post=165"}],"curies":[{"name":"wp","href":"https:\/\/api.w.org\/{rel}","templated":true}]}}